{"id":12004,"date":"2020-10-01T13:03:00","date_gmt":"2020-10-01T11:03:00","guid":{"rendered":"http:\/\/www.fdp-sandhausen.de\/wordpress\/?p=12004"},"modified":"2020-10-18T13:04:07","modified_gmt":"2020-10-18T11:04:07","slug":"fdp-landtagskandidat-thorsten-krings-bildungsgerechtigkeit-braucht-ganztagsbetreuung","status":"publish","type":"post","link":"https:\/\/www.fdp-sandhausen.de\/wordpress\/?p=12004","title":{"rendered":"FDP-Landtagskandidat Thorsten Krings: \u201eBildungsgerechtigkeit braucht Ganztagsbetreuung!\u201c"},"content":{"rendered":"<p><strong>Bundesmittel neben verpflichtender auch f\u00fcr offene Ganztagsschule einsetzen<\/strong><\/p>\n<p><img loading=\"lazy\" class=\"alignleft wp-image-660\" src=\"http:\/\/www.fdp-sandhausen.de\/wordpress\/wp-content\/uploads\/Krings.jpg\" alt=\"\" width=\"5425\" height=\"4223\"><\/p>\n\n\n<p>Abbildung : FDP-Landtagskandidat Prof. Dr. Thorsten Krings<\/p>\n\n\n\n<p>Kultusministerin Eisenmann verhindert den Ausbau der Ganztagsbetreuung an Grundschulen in Baden-W\u00fcrttemberg, das als einziges Bundesland die Finanzhilfe des Bundes in H\u00f6he von insgesamt 750 Millionen Euro blockiert. F\u00fcr das Land geht es dabei um 97 Millionen Euro.<\/p>\n\n\n\n<p>Ganztagsbetreuung ist ein wichtiger Baustein f\u00fcr Bildungsgerechtigkeit. Kinder aller sozialen Schichten m\u00fcssen Zugang zu Bildung haben in einem Gesamtkonzept, das das, was das Elternhaus nicht leisten kann, ausgleicht. Kinder brauchen ein Umfeld, in dem sie sich voll entfalten k\u00f6nnen. Dazu geh\u00f6ren eine Bibliothek, ein Ganztagskonzept mit Hausaufgabenbetreuung und ein breites Angebot von Aktivit\u00e4ten au\u00dferhalb des starren Lehrplans. So kann auch die sprachliche und musikalische Fr\u00fcherziehung in ein solches Konzept integriert werden.<\/p>\n\n\n\n<p>Der liberale Landtagskandidat Prof. Dr. Thorsten Krings erkl\u00e4rt dazu: \u201eWie bei der Digitalisierung zeigt sich auch hier wieder die vollkommene bildungspolitische Konzeptlosigkeit der Regierung. In den 60er und 70er Jahren war Baden-W\u00fcrttemberg mit einer liberalen Bildungspolitik Vorreiter f\u00fcr Bildungsgerechtigkeit, weil man damals konsequent Bildungsangebote wie Ganztagsbetreuung und&nbsp; Aktivit\u00e4ten zus\u00e4tzlich zum vorgeschriebenen Unterricht gemacht hat. Im Mittelpunkt des Angebots stand die M\u00f6glichkeit zur individuellen Selbstverwirklichung durch differenzierte Angebote. Wer Bildungsgerechtigkeit will, der braucht intelligente Ganztagskonzepte. Doch stattdessen legt die Regierungskoalition sich mit ihrem internen Streit selbst lahm.\u201c<\/p>\n\n\n\n<p>Die FDP fordert daher, dass die Landesregierung sich endlich f\u00fcr Ganztagsschulf\u00f6rderung durch den Bund einsetzt. Hierbei muss die Wahlfreiheit im Mittelpunkt stehen, denn \u201eone-size-fits-all\u201c L\u00f6sungen werden moderner Bildungspolitik nicht mehr gerecht. Es ist aus Sicht der FDP dringend erforderlich, dass die Bundesmittel nicht nur f\u00fcr die verpflichtend-rhythmisierte, sondern auch f\u00fcr die offene Ganztagsschule mit Unterricht am Vormittag und freiwilligen Angeboten (z.B. in Zusammenarbeit mit Vereinen) am Nachmittag eingesetzt werden k\u00f6nnen.<\/p>\n\n\n\n<p>Weitere Informationen finden Sie auf <a href=\"http:\/\/www.fdp-wiesloch.de\">www.fdp-wiesloch.de<\/a>.<\/p>\n","protected":false},"excerpt":{"rendered":"<p>Bundesmittel neben verpflichtender auch f\u00fcr offene Ganztagsschule einsetzen Abbildung : FDP-Landtagskandidat Prof. Dr. Thorsten Krings Kultusministerin Eisenmann verhindert den Ausbau der Ganztagsbetreuung an Grundschulen in Baden-W\u00fcrttemberg, das als einziges Bundesland die Finanzhilfe des Bundes in H\u00f6he von insgesamt 750 Millionen &hellip; <a href=\"https:\/\/www.fdp-sandhausen.de\/wordpress\/?p=12004\">Weiterlesen <span class=\"meta-nav\">&rarr;<\/span><\/a><\/p>\n","protected":false},"author":1,"featured_media":0,"comment_status":"closed","ping_status":"open","sticky":false,"template":"","format":"standard","meta":[],"categories":[1],"tags":[],"_links":{"self":[{"href":"https:\/\/www.fdp-sandhausen.de\/wordpress\/index.php?rest_route=\/wp\/v2\/posts\/12004"}],"collection":[{"href":"https:\/\/www.fdp-sandhausen.de\/wordpress\/index.php?rest_route=\/wp\/v2\/posts"}],"about":[{"href":"https:\/\/www.fdp-sandhausen.de\/wordpress\/index.php?rest_route=\/wp\/v2\/types\/post"}],"author":[{"embeddable":true,"href":"https:\/\/www.fdp-sandhausen.de\/wordpress\/index.php?rest_route=\/wp\/v2\/users\/1"}],"replies":[{"embeddable":true,"href":"https:\/\/www.fdp-sandhausen.de\/wordpress\/index.php?rest_route=%2Fwp%2Fv2%2Fcomments&post=12004"}],"version-history":[{"count":2,"href":"https:\/\/www.fdp-sandhausen.de\/wordpress\/index.php?rest_route=\/wp\/v2\/posts\/12004\/revisions"}],"predecessor-version":[{"id":12019,"href":"https:\/\/www.fdp-sandhausen.de\/wordpress\/index.php?rest_route=\/wp\/v2\/posts\/12004\/revisions\/12019"}],"wp:attachment":[{"href":"https:\/\/www.fdp-sandhausen.de\/wordpress\/index.php?rest_route=%2Fwp%2Fv2%2Fmedia&parent=12004"}],"wp:term":[{"taxonomy":"category","embeddable":true,"href":"https:\/\/www.fdp-sandhausen.de\/wordpress\/index.php?rest_route=%2Fwp%2Fv2%2Fcategories&post=12004"},{"taxonomy":"post_tag","embeddable":true,"href":"https:\/\/www.fdp-sandhausen.de\/wordpress\/index.php?rest_route=%2Fwp%2Fv2%2Ftags&post=12004"}],"curies":[{"name":"wp","href":"https:\/\/api.w.org\/{rel}","templated":true}]}}