{"id":12045,"date":"2021-03-07T19:40:18","date_gmt":"2021-03-07T18:40:18","guid":{"rendered":"http:\/\/www.fdp-sandhausen.de\/wordpress\/?p=12045"},"modified":"2021-03-16T11:55:37","modified_gmt":"2021-03-16T10:55:37","slug":"der-fdp-ortsverband-unterstuetzt-den-parteilosen-kandidaten-timo-wangler","status":"publish","type":"post","link":"https:\/\/www.fdp-sandhausen.de\/wordpress\/?p=12045","title":{"rendered":"Der FDP-Ortsverband unterst\u00fctzt den parteilosen Kandidaten Timo Wangler"},"content":{"rendered":"\n<figure class=\"wp-block-image size-large\"><img loading=\"lazy\" width=\"1024\" height=\"680\" src=\"http:\/\/www.fdp-sandhausen.de\/wordpress\/wp-content\/uploads\/FDP_Wangler-1024x680.jpg\" alt=\"\" class=\"wp-image-12048\" srcset=\"https:\/\/www.fdp-sandhausen.de\/wordpress\/wp-content\/uploads\/FDP_Wangler-1024x680.jpg 1024w, https:\/\/www.fdp-sandhausen.de\/wordpress\/wp-content\/uploads\/FDP_Wangler-300x199.jpg 300w, https:\/\/www.fdp-sandhausen.de\/wordpress\/wp-content\/uploads\/FDP_Wangler-768x510.jpg 768w, https:\/\/www.fdp-sandhausen.de\/wordpress\/wp-content\/uploads\/FDP_Wangler-1536x1020.jpg 1536w, https:\/\/www.fdp-sandhausen.de\/wordpress\/wp-content\/uploads\/FDP_Wangler-2048x1360.jpg 2048w\" sizes=\"(max-width: 1024px) 100vw, 1024px\" \/><figcaption>v.l.: Volker Liebetrau (2. Vorsitzender), Timo Wangler, Michael Kunzmann (1. Vorsitzender)<\/figcaption><\/figure>\n\n\n\n<p>Die B\u00fcrgermeisterwahl ist eine Pers\u00f6nlichkeitswahl.<\/p>\n\n\n\n<p>Nach der pers\u00f6nlichen Vorstellung von f\u00fcnf Kandidaten zur B\u00fcrgermeisterwahl am Samstag, den 27.2. in der Festhalle hatten die Mitglieder des FDP-Ortsverbands die M\u00f6glichkeit ihre Stimme abzugeben, um \u00fcber den Kandidaten abzustimmen, den die FDP unterst\u00fctzen will.<\/p>\n\n\n\n<p>Die Abstimmung ergab, dass sich die Mitglieder mehrheitlich f\u00fcr den parteilosen Kandidaten Timo Wangler ausgesprochen haben.<\/p>\n\n\n\n<p>Seine Sicht, wie Sandhausen sich in der Zukunft entwickeln soll, gepaart mit seiner Finanzkompetenz und langj\u00e4hrigen Erfahrung als K\u00e4mmerer der Gemeinde Sandhausen, seine Aussagen zu Klima- und Umweltthemen, der Ortskernentwicklung in Verbindung mit der Verkehrsentwicklung hat offenbar viele Mitglieder der Liberalen \u00fcberzeugt, dass er der Kandidat ist, den die FDP Sandhausen unterst\u00fctzen soll.<\/p>\n\n\n\n<p>Wir sind \u00fcberzeugt, dass seine ausgezeichnete Kenntnis der Sandh\u00e4user Gemeindeverwaltung und sein Verst\u00e4ndnis f\u00fcr die Belange der B\u00fcrgerinnen und B\u00fcrger eine kurze Einarbeitung im Amt gew\u00e4hrleistet.<\/p>\n\n\n\n<p>Aufgrund des Wahlergebnisses hat der Vorstand des FDP-Ortsverbands entschieden, eine Empfehlung f\u00fcr Timo Wangler auszusprechen.<\/p>\n\n\n\n<p>Wer mehr \u00fcber ihn wissen oder auch direkt Fragen an ihn richten m\u00f6chte, kann sich auf seiner Internetseite&nbsp; <a href=\"http:\/\/www.timo-wangler.de\">www.timo-wangler.de<\/a> informieren.<\/p>\n\n\n\n<p><strong>Der Vorstand des FDP-Ortsverbands<\/strong><\/p>\n","protected":false},"excerpt":{"rendered":"<p>Die B\u00fcrgermeisterwahl ist eine Pers\u00f6nlichkeitswahl. Nach der pers\u00f6nlichen Vorstellung von f\u00fcnf Kandidaten zur B\u00fcrgermeisterwahl am Samstag, den 27.2. in der Festhalle hatten die Mitglieder des FDP-Ortsverbands die M\u00f6glichkeit ihre Stimme abzugeben, um \u00fcber den Kandidaten abzustimmen, den die FDP unterst\u00fctzen &hellip; <a href=\"https:\/\/www.fdp-sandhausen.de\/wordpress\/?p=12045\">Weiterlesen <span class=\"meta-nav\">&rarr;<\/span><\/a><\/p>\n","protected":false},"author":1,"featured_media":0,"comment_status":"closed","ping_status":"open","sticky":false,"template":"","format":"standard","meta":[],"categories":[1],"tags":[],"_links":{"self":[{"href":"https:\/\/www.fdp-sandhausen.de\/wordpress\/index.php?rest_route=\/wp\/v2\/posts\/12045"}],"collection":[{"href":"https:\/\/www.fdp-sandhausen.de\/wordpress\/index.php?rest_route=\/wp\/v2\/posts"}],"about":[{"href":"https:\/\/www.fdp-sandhausen.de\/wordpress\/index.php?rest_route=\/wp\/v2\/types\/post"}],"author":[{"embeddable":true,"href":"https:\/\/www.fdp-sandhausen.de\/wordpress\/index.php?rest_route=\/wp\/v2\/users\/1"}],"replies":[{"embeddable":true,"href":"https:\/\/www.fdp-sandhausen.de\/wordpress\/index.php?rest_route=%2Fwp%2Fv2%2Fcomments&post=12045"}],"version-history":[{"count":4,"href":"https:\/\/www.fdp-sandhausen.de\/wordpress\/index.php?rest_route=\/wp\/v2\/posts\/12045\/revisions"}],"predecessor-version":[{"id":12051,"href":"https:\/\/www.fdp-sandhausen.de\/wordpress\/index.php?rest_route=\/wp\/v2\/posts\/12045\/revisions\/12051"}],"wp:attachment":[{"href":"https:\/\/www.fdp-sandhausen.de\/wordpress\/index.php?rest_route=%2Fwp%2Fv2%2Fmedia&parent=12045"}],"wp:term":[{"taxonomy":"category","embeddable":true,"href":"https:\/\/www.fdp-sandhausen.de\/wordpress\/index.php?rest_route=%2Fwp%2Fv2%2Fcategories&post=12045"},{"taxonomy":"post_tag","embeddable":true,"href":"https:\/\/www.fdp-sandhausen.de\/wordpress\/index.php?rest_route=%2Fwp%2Fv2%2Ftags&post=12045"}],"curies":[{"name":"wp","href":"https:\/\/api.w.org\/{rel}","templated":true}]}}