{"id":12109,"date":"2021-08-08T12:39:17","date_gmt":"2021-08-08T10:39:17","guid":{"rendered":"https:\/\/www.fdp-sandhausen.de\/wordpress\/?p=12109"},"modified":"2021-09-18T09:15:11","modified_gmt":"2021-09-18T07:15:11","slug":"kinderferienprogramm-2021-fdp-sandhausen-mit-kanufahrt-dabei","status":"publish","type":"post","link":"https:\/\/www.fdp-sandhausen.de\/wordpress\/?p=12109","title":{"rendered":"Kinderferienprogramm 2021 \u2013 FDP Sandhausen mit Kanufahrt dabei"},"content":{"rendered":"\n<p><p><img loading=\"lazy\" class=\"alignleft wp-image-660\" src=\"http:\/\/www.fdp-sandhausen.de\/wordpress\/wp-content\/uploads\/Ferien21p1.jpg\" alt=\"\" width=\"5425\" height=\"4223\"><\/p>\n\n<p>Am Donnerstag, den 5. August, war sch\u00f6nes Wetter \u2013 trocken und nicht zu hei\u00df. Gerade richtig f\u00fcr eine Bootstour mit dem Kanu auf dem Neckar. Die FDP Sandhausen hatte dazu eingeladen und zahlreiche Jugendliche kamen.<\/p><\/p>\n\n\n\n<p><p>Die Freiwillige Feuerwehr Sandhausen war uns behilflich, die Jugendlichen an den Startpunkt zu bringen. Dort ging es auch gleich los mit den Erl\u00e4uterungen, wie man sich beim Kanu fahren verh\u00e4lt. Nach den Verhaltensregeln brachten alle die Kanus zu Wasser.<\/p>\n<p><\/p><p><img loading=\"lazy\" class=\"alignleft wp-image-660\" src=\"http:\/\/www.fdp-sandhausen.de\/wordpress\/wp-content\/uploads\/Ferien21p2.jpg\" alt=\"\" width=\"5425\" height=\"4223\"><\/p><\/p>\n\n\n\n<p>Volle Begeisterung bei den Jugendlichen! Schon nach wenigen Metern ging das kleine Abenteuer los. Zuerst \u00fcber den Neckar hinweg \u2013 kein Problem. Und da kam auch schon der erste Frachter mit Wellengang. Danach war die Gruppe mit unserem F\u00fchrer schnell um die Biegung verschwunden.<\/p>\n\n\n<p><\/p>\n<p><img loading=\"lazy\" class=\"alignleft wp-image-660\" src=\"http:\/\/www.fdp-sandhausen.de\/wordpress\/wp-content\/uploads\/Ferien21p3.jpg\" alt=\"\" width=\"5425\" height=\"4223\"><\/p>\n\n\n<p>Nach 3 \u00bd Stunden war die Gruppe wieder im Anmarsch. Schon von Weitem konnten wir sehen, dass das Paddeln besser und fl\u00fcssiger lief. Man sah ihnen die \u00dcbung von diesem Tag an!<\/p>\n\n\n\n<p><p>Gut gelaunt gingen die Jugendlichen an Land. Wir h\u00f6rten, was sie alles gesehen hatten auf ihrer Tour: Zahlreiche G\u00e4nse, Schw\u00e4ne und V\u00f6gel. Jetzt ging\u2019s ans Putzen der Boote, danach konnten wir alle zufrieden nach Hause fahren. Als kleinen Abschiedsgru\u00df gab es noch ein Eis beim Italiener. Bis zum n\u00e4chsten Jahr!<\/p>\n<p><\/p><p><img loading=\"lazy\" class=\"alignleft wp-image-660\" src=\"http:\/\/www.fdp-sandhausen.de\/wordpress\/wp-content\/uploads\/Ferien21p4.jpg\" alt=\"\" width=\"5425\" height=\"4223\"><\/p><\/p>\n","protected":false},"excerpt":{"rendered":"<p>Am Donnerstag, den 5. August, war sch\u00f6nes Wetter \u2013 trocken und nicht zu hei\u00df. Gerade richtig f\u00fcr eine Bootstour mit dem Kanu auf dem Neckar. Die FDP Sandhausen hatte dazu eingeladen und zahlreiche Jugendliche kamen. Die Freiwillige Feuerwehr Sandhausen war &hellip; <a href=\"https:\/\/www.fdp-sandhausen.de\/wordpress\/?p=12109\">Weiterlesen <span class=\"meta-nav\">&rarr;<\/span><\/a><\/p>\n","protected":false},"author":1,"featured_media":0,"comment_status":"closed","ping_status":"open","sticky":false,"template":"","format":"standard","meta":[],"categories":[1],"tags":[],"_links":{"self":[{"href":"https:\/\/www.fdp-sandhausen.de\/wordpress\/index.php?rest_route=\/wp\/v2\/posts\/12109"}],"collection":[{"href":"https:\/\/www.fdp-sandhausen.de\/wordpress\/index.php?rest_route=\/wp\/v2\/posts"}],"about":[{"href":"https:\/\/www.fdp-sandhausen.de\/wordpress\/index.php?rest_route=\/wp\/v2\/types\/post"}],"author":[{"embeddable":true,"href":"https:\/\/www.fdp-sandhausen.de\/wordpress\/index.php?rest_route=\/wp\/v2\/users\/1"}],"replies":[{"embeddable":true,"href":"https:\/\/www.fdp-sandhausen.de\/wordpress\/index.php?rest_route=%2Fwp%2Fv2%2Fcomments&post=12109"}],"version-history":[{"count":6,"href":"https:\/\/www.fdp-sandhausen.de\/wordpress\/index.php?rest_route=\/wp\/v2\/posts\/12109\/revisions"}],"predecessor-version":[{"id":12119,"href":"https:\/\/www.fdp-sandhausen.de\/wordpress\/index.php?rest_route=\/wp\/v2\/posts\/12109\/revisions\/12119"}],"wp:attachment":[{"href":"https:\/\/www.fdp-sandhausen.de\/wordpress\/index.php?rest_route=%2Fwp%2Fv2%2Fmedia&parent=12109"}],"wp:term":[{"taxonomy":"category","embeddable":true,"href":"https:\/\/www.fdp-sandhausen.de\/wordpress\/index.php?rest_route=%2Fwp%2Fv2%2Fcategories&post=12109"},{"taxonomy":"post_tag","embeddable":true,"href":"https:\/\/www.fdp-sandhausen.de\/wordpress\/index.php?rest_route=%2Fwp%2Fv2%2Ftags&post=12109"}],"curies":[{"name":"wp","href":"https:\/\/api.w.org\/{rel}","templated":true}]}}