{"id":12132,"date":"2021-10-05T12:15:57","date_gmt":"2021-10-05T10:15:57","guid":{"rendered":"https:\/\/www.fdp-sandhausen.de\/wordpress\/?p=12132"},"modified":"2021-10-09T12:22:45","modified_gmt":"2021-10-09T10:22:45","slug":"vielen-dank-fuer-die-unterstuetzung","status":"publish","type":"post","link":"https:\/\/www.fdp-sandhausen.de\/wordpress\/?p=12132","title":{"rendered":"Vielen Dank f\u00fcr die Unterst\u00fctzung!"},"content":{"rendered":"<p><img loading=\"lazy\" class=\"alignleft wp-image-660\" src=\"http:\/\/www.fdp-sandhausen.de\/wordpress\/wp-content\/uploads\/Brandenburg3.jpg\" alt=\"\" width=\"5425\" height=\"4223\"><br \/>\nDr. Jens Brandenburg, MdB<\/p>\n<p>Es ist mir eine gro\u00dfe Freude und Ehre, die Region Rhein-Neckar weitere vier Jahre im Deutschen Bundestag vertreten zu d\u00fcrfen. Mit Konrad Stockmeier bekommen wir einen weiteren FDP-Abgeordneten in der Kurpfalz und k\u00f6nnen die Region so noch st\u00e4rker in Berlin vertreten. Die Wahl war ein klares Signal f\u00fcr eine neue Regierung aus der demokratischen Mitte. Jetzt kommt eine gro\u00dfe Verantwortung auf uns zu.<\/p>\n<p>F\u00fcr das gro\u00dfe Vertrauen danke ich allen W\u00e4hlerinnen und W\u00e4hlern sehr herzlich. Dieses Vertrauen werden wir nicht entt\u00e4uschen. Unser Wahlprogramm ist unsere Koalitionsaussage. Wir werden nur B\u00fcndnisse eingehen, in denen wir zentrale Anliegen wie einen soliden Haushalt ohne Steuererh\u00f6hungen, bessere Bildungschancen und marktwirtschaftlichen Klimaschutz durch Innovationen statt Verbote umsetzen k\u00f6nnen. Daf\u00fcr werden wir konstruktive Gespr\u00e4che mit den anderen demokratischen Parteien aufnehmen. Deutschland hat nun die Chance auf ein Jahrzehnt der Modernisierung.<\/p>\n<p>Diesen pers\u00f6nlichen Worten unseres FDP-Bundestagsabgeordneten m\u00f6chten wir uns anschlie\u00dfen.<br \/>\nHerzlichen Dank auch an alle Wahlhelferinnen und Wahlhelfer, die uns in dieser Zeit tatkr\u00e4ftig unterst\u00fctzt haben.<\/p>\n<p>FDP-Ortsverband Sandhausen<\/p>\n","protected":false},"excerpt":{"rendered":"<p>Dr. Jens Brandenburg, MdB Es ist mir eine gro\u00dfe Freude und Ehre, die Region Rhein-Neckar weitere vier Jahre im Deutschen Bundestag vertreten zu d\u00fcrfen. Mit Konrad Stockmeier bekommen wir einen weiteren FDP-Abgeordneten in der Kurpfalz und k\u00f6nnen die Region so &hellip; <a href=\"https:\/\/www.fdp-sandhausen.de\/wordpress\/?p=12132\">Weiterlesen <span class=\"meta-nav\">&rarr;<\/span><\/a><\/p>\n","protected":false},"author":1,"featured_media":0,"comment_status":"closed","ping_status":"open","sticky":false,"template":"","format":"standard","meta":[],"categories":[1],"tags":[],"_links":{"self":[{"href":"https:\/\/www.fdp-sandhausen.de\/wordpress\/index.php?rest_route=\/wp\/v2\/posts\/12132"}],"collection":[{"href":"https:\/\/www.fdp-sandhausen.de\/wordpress\/index.php?rest_route=\/wp\/v2\/posts"}],"about":[{"href":"https:\/\/www.fdp-sandhausen.de\/wordpress\/index.php?rest_route=\/wp\/v2\/types\/post"}],"author":[{"embeddable":true,"href":"https:\/\/www.fdp-sandhausen.de\/wordpress\/index.php?rest_route=\/wp\/v2\/users\/1"}],"replies":[{"embeddable":true,"href":"https:\/\/www.fdp-sandhausen.de\/wordpress\/index.php?rest_route=%2Fwp%2Fv2%2Fcomments&post=12132"}],"version-history":[{"count":1,"href":"https:\/\/www.fdp-sandhausen.de\/wordpress\/index.php?rest_route=\/wp\/v2\/posts\/12132\/revisions"}],"predecessor-version":[{"id":12133,"href":"https:\/\/www.fdp-sandhausen.de\/wordpress\/index.php?rest_route=\/wp\/v2\/posts\/12132\/revisions\/12133"}],"wp:attachment":[{"href":"https:\/\/www.fdp-sandhausen.de\/wordpress\/index.php?rest_route=%2Fwp%2Fv2%2Fmedia&parent=12132"}],"wp:term":[{"taxonomy":"category","embeddable":true,"href":"https:\/\/www.fdp-sandhausen.de\/wordpress\/index.php?rest_route=%2Fwp%2Fv2%2Fcategories&post=12132"},{"taxonomy":"post_tag","embeddable":true,"href":"https:\/\/www.fdp-sandhausen.de\/wordpress\/index.php?rest_route=%2Fwp%2Fv2%2Ftags&post=12132"}],"curies":[{"name":"wp","href":"https:\/\/api.w.org\/{rel}","templated":true}]}}