{"id":12291,"date":"2022-09-02T16:06:58","date_gmt":"2022-09-02T14:06:58","guid":{"rendered":"https:\/\/www.fdp-sandhausen.de\/wordpress\/?p=12291"},"modified":"2023-01-10T16:07:13","modified_gmt":"2023-01-10T15:07:13","slug":"helmut-hillesheim-ist-90","status":"publish","type":"post","link":"https:\/\/www.fdp-sandhausen.de\/wordpress\/?p=12291","title":{"rendered":"Helmut Hillesheim ist 90"},"content":{"rendered":"\n<figure class=\"wp-block-image size-full is-resized\"><a href=\"https:\/\/www.fdp-sandhausen.de\/wordpress\/wp-content\/uploads\/Hillesheim1.jpg\"><img loading=\"lazy\" src=\"https:\/\/www.fdp-sandhausen.de\/wordpress\/wp-content\/uploads\/Hillesheim1.jpg\" alt=\"\" class=\"wp-image-12292\" width=\"450\" height=\"453\" srcset=\"https:\/\/www.fdp-sandhausen.de\/wordpress\/wp-content\/uploads\/Hillesheim1.jpg 297w, https:\/\/www.fdp-sandhausen.de\/wordpress\/wp-content\/uploads\/Hillesheim1-150x150.jpg 150w\" sizes=\"(max-width: 450px) 100vw, 450px\" \/><\/a><\/figure>\n\n\n\n<p>Am 30. August ist Helmut Hillesheim 90 Jahre alt&nbsp;geworden.&nbsp;<\/p>\n\n\n\n<p>Er ist ein Mann der Tat, eine Eigenschaft, die ihm&nbsp; immer weitergeholfen hat. In seinem Beruf als&nbsp;gelernter Zimmermann ebenso wie als&nbsp;Gemeinderat. Er war 41 Jahre Gemeinderat in&nbsp; Sandhausen. Und fast 20 Jahre lang vertrat er die&nbsp; Belange Sandhausens im Kreistag.&nbsp;<\/p>\n\n\n\n<p>F\u00fcr sein ehrenamtliches Engagement wurde er&nbsp;von der Gemeinde mit der B\u00fcrgermedaille in Gold&nbsp; und dem Ehrenring in Gold ausgezeichnet. Nach&nbsp;25 Jahre als sehr aktiver Gemeinderat wurde er&nbsp; 1993 mit dem Bundesverdienstkreuz&nbsp;ausgezeichnet.&nbsp;&nbsp;<\/p>\n\n\n\n<figure class=\"wp-block-image size-full is-resized\"><a href=\"https:\/\/www.fdp-sandhausen.de\/wordpress\/wp-content\/uploads\/Hillesheim2.jpg\"><img loading=\"lazy\" src=\"https:\/\/www.fdp-sandhausen.de\/wordpress\/wp-content\/uploads\/Hillesheim2.jpg\" alt=\"\" class=\"wp-image-12293\" width=\"459\" height=\"400\"\/><\/a><\/figure>\n\n\n\n<p>Letztes Jahr konnte der Altgemeinderat seine 50- j\u00e4hrige Mitgliedschaft in der FDP feiern.&nbsp;<br><\/p>\n\n\n\n<p>Der Ortsvorsitzende und seine Schatzmeisterin&nbsp; \u00fcberbrachten die Urkunde und die goldene&nbsp; Medaille, seinen Ehrentag verbrachte er ruhig im&nbsp; Kreis der Familie.&nbsp;<\/p>\n\n\n\n<p>Auch seinen 90. Geburtstag verbrachte er im&nbsp;Kreis der Familie, die im Laufe der Zeit kleiner&nbsp;geworden ist.&nbsp;<\/p>\n\n\n\n<p><strong>Unser Dank&nbsp;<\/strong><\/p>\n\n\n\n<p>Helmut Hillesheim hat im Laufe seiner&nbsp;ehrenamtlichen T\u00e4tigkeit als Gemeinderat die&nbsp; Zusammenarbeit mit der Sandh\u00e4user Verwaltung&nbsp; immer wieder verbessert. Sein Wirken geht \u00fcber&nbsp; seine aktive Zeit hinaus.&nbsp;<\/p>\n\n\n\n<p>Daf\u00fcr wollen wir vom Ortsverband Sandhausen&nbsp; <strong>Danke<\/strong> sagen.&nbsp;&nbsp;<\/p>\n\n\n\n<p>Wir wissen, dass sein Gesundheitszustand in der&nbsp; letzten Zeit leider gelitten hat. Daher w\u00fcnschen&nbsp; wir ihm <strong>alles Gute<\/strong> und <strong>viel Gesundheit<\/strong> zu seinem&nbsp; Jubil\u00e4um.&nbsp;<\/p>\n\n\n\n<p><\/p>\n\n\n\n<p>Dr. Michael Kunzmann&nbsp; <\/p>\n\n\n\n<p>Vorsitzender des FDP-Ortsverbands&nbsp;&nbsp;<\/p>\n","protected":false},"excerpt":{"rendered":"<p>Am 30. August ist Helmut Hillesheim 90 Jahre alt&nbsp;geworden.&nbsp; Er ist ein Mann der Tat, eine Eigenschaft, die ihm&nbsp; immer weitergeholfen hat. In seinem Beruf als&nbsp;gelernter Zimmermann ebenso wie als&nbsp;Gemeinderat. Er war 41 Jahre Gemeinderat in&nbsp; Sandhausen. Und fast 20 &hellip; <a href=\"https:\/\/www.fdp-sandhausen.de\/wordpress\/?p=12291\">Weiterlesen <span class=\"meta-nav\">&rarr;<\/span><\/a><\/p>\n","protected":false},"author":1,"featured_media":0,"comment_status":"closed","ping_status":"open","sticky":false,"template":"","format":"standard","meta":[],"categories":[1],"tags":[],"_links":{"self":[{"href":"https:\/\/www.fdp-sandhausen.de\/wordpress\/index.php?rest_route=\/wp\/v2\/posts\/12291"}],"collection":[{"href":"https:\/\/www.fdp-sandhausen.de\/wordpress\/index.php?rest_route=\/wp\/v2\/posts"}],"about":[{"href":"https:\/\/www.fdp-sandhausen.de\/wordpress\/index.php?rest_route=\/wp\/v2\/types\/post"}],"author":[{"embeddable":true,"href":"https:\/\/www.fdp-sandhausen.de\/wordpress\/index.php?rest_route=\/wp\/v2\/users\/1"}],"replies":[{"embeddable":true,"href":"https:\/\/www.fdp-sandhausen.de\/wordpress\/index.php?rest_route=%2Fwp%2Fv2%2Fcomments&post=12291"}],"version-history":[{"count":2,"href":"https:\/\/www.fdp-sandhausen.de\/wordpress\/index.php?rest_route=\/wp\/v2\/posts\/12291\/revisions"}],"predecessor-version":[{"id":12295,"href":"https:\/\/www.fdp-sandhausen.de\/wordpress\/index.php?rest_route=\/wp\/v2\/posts\/12291\/revisions\/12295"}],"wp:attachment":[{"href":"https:\/\/www.fdp-sandhausen.de\/wordpress\/index.php?rest_route=%2Fwp%2Fv2%2Fmedia&parent=12291"}],"wp:term":[{"taxonomy":"category","embeddable":true,"href":"https:\/\/www.fdp-sandhausen.de\/wordpress\/index.php?rest_route=%2Fwp%2Fv2%2Fcategories&post=12291"},{"taxonomy":"post_tag","embeddable":true,"href":"https:\/\/www.fdp-sandhausen.de\/wordpress\/index.php?rest_route=%2Fwp%2Fv2%2Ftags&post=12291"}],"curies":[{"name":"wp","href":"https:\/\/api.w.org\/{rel}","templated":true}]}}