{"id":12378,"date":"2023-06-24T18:56:36","date_gmt":"2023-06-24T16:56:36","guid":{"rendered":"https:\/\/www.fdp-sandhausen.de\/wordpress\/?p=12378"},"modified":"2023-06-27T18:57:15","modified_gmt":"2023-06-27T16:57:15","slug":"aus-grau-mach-gruen-auf-strassen-und-plaetzen","status":"publish","type":"post","link":"https:\/\/www.fdp-sandhausen.de\/wordpress\/?p=12378","title":{"rendered":"&#8222;Aus Grau mach Gr\u00fcn auf Stra\u00dfen und Pl\u00e4tzen&#8220;"},"content":{"rendered":"<p>Liebe B\u00fcrgerinnen, liebe B\u00fcrger, liebe Freundinnen und Freunde der FDP Sandhausen,<\/p>\n<p>In der vergangenen Woche erhielten wir nachfolgende Nachricht von unserem Bundestagsabgeordneten unserer Region. Dieses Schreiben ging auch an unsere Gemeindeverwaltung.<\/p>\n<p><img loading=\"lazy\" class=\"alignleft wp-image-660\" src=\"http:\/\/www.fdp-sandhausen.de\/wordpress\/wp-content\/uploads\/KW6_Radwege.jpg\" alt=\"\" width=\"5425\" height=\"4223\"><br \/>\nGemeinderat Volker Liebetrau<\/p>\n<p>Herr Dr. Brandenburg m\u00f6chte Sie gerne auf die Ausschreibung der Projektf\u00f6rderung &#8222;Aus Grau mach Gr\u00fcn auf Stra\u00dfen und Pl\u00e4tzen&#8220; der Stiftung \u201eLebendige Stadt&#8220; unter der Schirmherrschaft des Bundesministeriums f\u00fcr Wohnen, Stadtentwicklung und Bauwesen hinweisen. Die Stiftung ruft St\u00e4dte und Gemeinden auf, sich f\u00fcr die F\u00f6rderung der Gestaltung \u00f6ffentlicher Stra\u00dfen und Pl\u00e4tze zu bewerben. Die F\u00f6rderung betr\u00e4gt 30.000 Euro. Bundesbauministerin Klara Geywitz ist Schirmherrin.<\/p>\n<p>Bewerben k\u00f6nnen sich St\u00e4dte und Gemeinden bis 50.000 Einwohner, die eine Stra\u00dfe oder einen Platz gestalten wollen. Die Ma\u00dfnahme sollte Planungsreife haben. Ziel der Gestaltung sollte es sein, einen Beitrag zu leisten zu mehr Biodiversit\u00e4t, zur Verbesserung der Luftqualit\u00e4t und zur Steigerung der Artenvielfalt. Ein wesentlicher Aspekt ist dabei B\u00fcrgerpartizipation und eine nachhaltige Gr\u00fcnpflege.<\/p>\n<p>Drei Preistr\u00e4ger werden von einer Expertenjury ausgew\u00e4hlt. Die Preistr\u00e4ger erhalten f\u00fcr die Umsetzung der geplanten Begr\u00fcnungsma\u00dfnahmen F\u00f6rdergelder in H\u00f6he von jeweils 30.000 Euro.<\/p>\n<p>Wir sehen in Sandhausen gen\u00fcgend Fl\u00e4chen, die f\u00fcr ein Projekt derart geeignet w\u00e4ren. Bei der n\u00e4chsten Gemeinderatssitzung werden wir von der Fraktion der FDP eine Anfrage hierzu unter dem Punkt \u201eFragen und Anregungen\u201c platzieren.<\/p>\n<p>Gemeinderat Volker Liebetrau f\u00fcr die FDP Fraktion<\/p>\n","protected":false},"excerpt":{"rendered":"<p>Liebe B\u00fcrgerinnen, liebe B\u00fcrger, liebe Freundinnen und Freunde der FDP Sandhausen, In der vergangenen Woche erhielten wir nachfolgende Nachricht von unserem Bundestagsabgeordneten unserer Region. Dieses Schreiben ging auch an unsere Gemeindeverwaltung. Gemeinderat Volker Liebetrau Herr Dr. Brandenburg m\u00f6chte Sie gerne &hellip; <a href=\"https:\/\/www.fdp-sandhausen.de\/wordpress\/?p=12378\">Weiterlesen <span class=\"meta-nav\">&rarr;<\/span><\/a><\/p>\n","protected":false},"author":1,"featured_media":0,"comment_status":"closed","ping_status":"open","sticky":false,"template":"","format":"standard","meta":[],"categories":[1],"tags":[],"_links":{"self":[{"href":"https:\/\/www.fdp-sandhausen.de\/wordpress\/index.php?rest_route=\/wp\/v2\/posts\/12378"}],"collection":[{"href":"https:\/\/www.fdp-sandhausen.de\/wordpress\/index.php?rest_route=\/wp\/v2\/posts"}],"about":[{"href":"https:\/\/www.fdp-sandhausen.de\/wordpress\/index.php?rest_route=\/wp\/v2\/types\/post"}],"author":[{"embeddable":true,"href":"https:\/\/www.fdp-sandhausen.de\/wordpress\/index.php?rest_route=\/wp\/v2\/users\/1"}],"replies":[{"embeddable":true,"href":"https:\/\/www.fdp-sandhausen.de\/wordpress\/index.php?rest_route=%2Fwp%2Fv2%2Fcomments&post=12378"}],"version-history":[{"count":4,"href":"https:\/\/www.fdp-sandhausen.de\/wordpress\/index.php?rest_route=\/wp\/v2\/posts\/12378\/revisions"}],"predecessor-version":[{"id":12382,"href":"https:\/\/www.fdp-sandhausen.de\/wordpress\/index.php?rest_route=\/wp\/v2\/posts\/12378\/revisions\/12382"}],"wp:attachment":[{"href":"https:\/\/www.fdp-sandhausen.de\/wordpress\/index.php?rest_route=%2Fwp%2Fv2%2Fmedia&parent=12378"}],"wp:term":[{"taxonomy":"category","embeddable":true,"href":"https:\/\/www.fdp-sandhausen.de\/wordpress\/index.php?rest_route=%2Fwp%2Fv2%2Fcategories&post=12378"},{"taxonomy":"post_tag","embeddable":true,"href":"https:\/\/www.fdp-sandhausen.de\/wordpress\/index.php?rest_route=%2Fwp%2Fv2%2Ftags&post=12378"}],"curies":[{"name":"wp","href":"https:\/\/api.w.org\/{rel}","templated":true}]}}