{"id":12400,"date":"2023-07-25T10:43:58","date_gmt":"2023-07-25T08:43:58","guid":{"rendered":"https:\/\/www.fdp-sandhausen.de\/wordpress\/?p=12400"},"modified":"2023-07-25T10:43:58","modified_gmt":"2023-07-25T08:43:58","slug":"stellungnahme-festsetzung-der-elternbeitraege-fuer-das-kindergartenjahr-2023-2024","status":"publish","type":"post","link":"https:\/\/www.fdp-sandhausen.de\/wordpress\/?p=12400","title":{"rendered":"Stellungnahme: Festsetzung der Elternbeitr\u00e4ge f\u00fcr das Kindergartenjahr 2023\/2024"},"content":{"rendered":"<p>Der St\u00e4dte- bzw. Gemeindetag Baden-W\u00fcrttemberg hat \u00fcber den Landesrichtsatz f\u00fcr das kommende Kindergartenjahr informiert und damit eine Erh\u00f6hung um 8,5% angeregt.<br \/>\nDas freut niemanden mehr als unsere Verwaltung und hier im Besonderen unseren K\u00e4mmerer, haben wir doch in der letzten Gemeinderatssitzung unsere B\u00fcrger dar\u00fcber informiert, wieviel Geld unsere Kommune f\u00fcr die Kinderbetreuung ausgibt und ein Blick in unseren Haushalt sagt auch, dass Mehreinnahmen hier sehr willkommen w\u00e4ren.<\/p>\n<p>F\u00fcr uns ist die Erh\u00f6hung der Beitr\u00e4ge immer ein schwieriges Thema.<br \/>\nEtwas befremdlich ist f\u00fcr uns auch der Vorschlag, die Erh\u00f6hung in zwei Schritten vorzunehmen, um damit <em>\u201edie Eltern zu entlasten\u201c<\/em>. Eine<em> \u201eEntlastung\u201c<\/em> w\u00e4re f\u00fcr uns: zumindest mal keine Erh\u00f6hung.<\/p>\n<p>Jetzt betrachten wir mal die Kitas, hier im besonderen die Kinderg\u00e4rten. Diese sind nicht nur als Betreuungs- oder Spielorte gedacht, sondern als Einrichtungen f\u00fcr \u201efr\u00fchkindliche Bildung\u201c. (Wie \u00fcbrigens auch vom St\u00e4dte- und Gemeindetag so bezeichnet.) Und so k\u00f6nnte man durchaus auch weiter denken, wie: Schulen sind Bildung, Universit\u00e4ten sind Bildung, beide Einrichtungen kosten nichts.<\/p>\n<p>Die FDP tritt immer f\u00fcr <strong>mehr<\/strong> Bildung ein. Und Bildung soll die Menschen so wenig wie m\u00f6glich kosten. Warum also nicht fr\u00fch damit anfangen?<\/p>\n<p>Wir sind ein reiches Land, so sagt man. Und wir haben f\u00fcr so Vieles so viele Milliarden, aber nicht f\u00fcr unsere Kinder. Hier wird gespart, sie haben keine Lobby, die einfordert, was zukunftstr\u00e4chtig w\u00e4re. Bund und Land m\u00fcssen hier mehr Zusch\u00fcsse geben, denn auf der anderen Seite sind wir angehalten, kostendeckend zu kalkulieren und auch die Qualit\u00e4t unserer Einrichtungen in dem geforderten Standard zu halten.<br \/>\nAuf die Ungleichbehandlung der Eltern, abh\u00e4ngig vom Wohnort bzw. Bundesland, m\u00f6chte ich hier gar nicht n\u00e4her eingehen \u2013 das ist ein Thema f\u00fcr sich und w\u00fcrde hier den Rahmen sprengen.<\/p>\n<p>Ich darf noch einmal die Begr\u00fcndung des St\u00e4dte- und Gemeindetages f\u00fcr die Erh\u00f6hung zitieren:<br \/>\n<em>\u201eEin zentrales Anliegen ist es, ein finanziell gesichertes Betreuungsangebot zu erhalten und gleichzeitig die Belastung der Familien angemessen im Blick zu behalten.\u201c<\/em><\/p>\n<p>Was bedeutet hier angemessen?<br \/>\nF\u00fcr mich ist das nichtssagend! Angemessen w\u00e4re zumindest, nicht jedes Jahr die Beitr\u00e4ge zu erh\u00f6hen.<\/p>\n<p>Aber ich wei\u00df sehr wohl, dass die Anforderungen stetig steigen und immer mehr Geld kosten, und dass das Ganze bezahlt werden muss. Und dass wir in der Tat viel Geld ausgeben: fast ein F\u00fcnftel unseres Haushalts wird f\u00fcr die Kinder- und Sch\u00fclerbetreuung aufgewendet.<\/p>\n<p>Wir haben die Ausf\u00fchrungen unseres K\u00e4mmerers geh\u00f6rt, und stimmen deshalb dem Beschlussvorschlag zu.<\/p>\n<p>Heidi Seeger &#8211; FDP-Fraktion<\/p>\n","protected":false},"excerpt":{"rendered":"<p>Der St\u00e4dte- bzw. Gemeindetag Baden-W\u00fcrttemberg hat \u00fcber den Landesrichtsatz f\u00fcr das kommende Kindergartenjahr informiert und damit eine Erh\u00f6hung um 8,5% angeregt. Das freut niemanden mehr als unsere Verwaltung und hier im Besonderen unseren K\u00e4mmerer, haben wir doch in der letzten &hellip; <a href=\"https:\/\/www.fdp-sandhausen.de\/wordpress\/?p=12400\">Weiterlesen <span class=\"meta-nav\">&rarr;<\/span><\/a><\/p>\n","protected":false},"author":1,"featured_media":0,"comment_status":"closed","ping_status":"open","sticky":false,"template":"","format":"standard","meta":[],"categories":[1],"tags":[],"_links":{"self":[{"href":"https:\/\/www.fdp-sandhausen.de\/wordpress\/index.php?rest_route=\/wp\/v2\/posts\/12400"}],"collection":[{"href":"https:\/\/www.fdp-sandhausen.de\/wordpress\/index.php?rest_route=\/wp\/v2\/posts"}],"about":[{"href":"https:\/\/www.fdp-sandhausen.de\/wordpress\/index.php?rest_route=\/wp\/v2\/types\/post"}],"author":[{"embeddable":true,"href":"https:\/\/www.fdp-sandhausen.de\/wordpress\/index.php?rest_route=\/wp\/v2\/users\/1"}],"replies":[{"embeddable":true,"href":"https:\/\/www.fdp-sandhausen.de\/wordpress\/index.php?rest_route=%2Fwp%2Fv2%2Fcomments&post=12400"}],"version-history":[{"count":2,"href":"https:\/\/www.fdp-sandhausen.de\/wordpress\/index.php?rest_route=\/wp\/v2\/posts\/12400\/revisions"}],"predecessor-version":[{"id":12402,"href":"https:\/\/www.fdp-sandhausen.de\/wordpress\/index.php?rest_route=\/wp\/v2\/posts\/12400\/revisions\/12402"}],"wp:attachment":[{"href":"https:\/\/www.fdp-sandhausen.de\/wordpress\/index.php?rest_route=%2Fwp%2Fv2%2Fmedia&parent=12400"}],"wp:term":[{"taxonomy":"category","embeddable":true,"href":"https:\/\/www.fdp-sandhausen.de\/wordpress\/index.php?rest_route=%2Fwp%2Fv2%2Fcategories&post=12400"},{"taxonomy":"post_tag","embeddable":true,"href":"https:\/\/www.fdp-sandhausen.de\/wordpress\/index.php?rest_route=%2Fwp%2Fv2%2Ftags&post=12400"}],"curies":[{"name":"wp","href":"https:\/\/api.w.org\/{rel}","templated":true}]}}