{"id":12533,"date":"2024-02-26T11:17:41","date_gmt":"2024-02-26T10:17:41","guid":{"rendered":"https:\/\/www.fdp-sandhausen.de\/wordpress\/?p=12533"},"modified":"2024-02-28T08:48:33","modified_gmt":"2024-02-28T07:48:33","slug":"politischer-aschermittwoch-in-karlsruhe","status":"publish","type":"post","link":"https:\/\/www.fdp-sandhausen.de\/wordpress\/?p=12533","title":{"rendered":"Politischer Aschermittwoch in Karlsruhe"},"content":{"rendered":"\n<p>Man sollte nie ein Schreiben mit einem pers\u00f6nlichen F\u00fcrwort beginnen, aber diesmal muss ich eine Ausnahme machen. \u201eIch war begeistert!\u201c &#8211; begeistert von der Veranstaltung des &#8222;Politischen Aschermittwoch&#8220; der FDP im Kesselhaus in Karlsruhe.<\/p>\n\n\n\n<p>Diese Begeisterung galt auch f\u00fcr die ebenfalls mitgereisten sechs Mitglieder unseres FDP Ortsverband Sandhausen.<\/p>\n\n\n\n<figure class=\"wp-block-image size-large\"><a href=\"https:\/\/www.fdp-sandhausen.de\/wordpress\/wp-content\/uploads\/Kesselhaus1.jpg\"><img loading=\"lazy\" width=\"1024\" height=\"768\" src=\"https:\/\/www.fdp-sandhausen.de\/wordpress\/wp-content\/uploads\/Kesselhaus1-1024x768.jpg\" alt=\"\" class=\"wp-image-12534\" srcset=\"https:\/\/www.fdp-sandhausen.de\/wordpress\/wp-content\/uploads\/Kesselhaus1-1024x768.jpg 1024w, https:\/\/www.fdp-sandhausen.de\/wordpress\/wp-content\/uploads\/Kesselhaus1-300x225.jpg 300w, https:\/\/www.fdp-sandhausen.de\/wordpress\/wp-content\/uploads\/Kesselhaus1-768x576.jpg 768w, https:\/\/www.fdp-sandhausen.de\/wordpress\/wp-content\/uploads\/Kesselhaus1.jpg 1342w\" sizes=\"(max-width: 1024px) 100vw, 1024px\" \/><\/a><figcaption>Blick ins gut gef\u00fcllte Kesselhaus in Karlsruhe.&nbsp;&nbsp;(Fotos privat)<\/figcaption><\/figure>\n\n\n\n<p>Beim \u201ePolitischen Aschermittwoch\u201c wird traditionell kr\u00e4ftig ausgeteilt. Dabei sezierte unser Europaabgeordnete Andreas Gl\u00fcck, der von Beruf Chirurg ist, millimetergenau die aktuelle Politik aus Br\u00fcssel. F\u00fcr Lacher sorgte unser Landesvorsitzender Dr. Hans-Ulrich R\u00fclke, der \u00fcber so manches Lastenfahrrad stolperte. Unser Vorsitzender der Bundestagsfraktion Christian D\u00fcrr stellte fest, dass er, um die aktuelle Rentenl\u00fccke zu schlie\u00dfen, noch 5 Kinder zeugen m\u00fcsste, was aber nicht im Sinne seiner Frau w\u00e4re. Letztendlich stimmte unser Landesvorsitzender Michael Theurer gekonnt und mit Humor auf die kommende Kommunal- und Europawahl ein.<\/p>\n\n\n\n<figure class=\"wp-block-image size-large\"><a href=\"https:\/\/www.fdp-sandhausen.de\/wordpress\/wp-content\/uploads\/Kesselhaus2.jpg\"><img loading=\"lazy\" width=\"1024\" height=\"768\" src=\"https:\/\/www.fdp-sandhausen.de\/wordpress\/wp-content\/uploads\/Kesselhaus2-1024x768.jpg\" alt=\"\" class=\"wp-image-12535\" srcset=\"https:\/\/www.fdp-sandhausen.de\/wordpress\/wp-content\/uploads\/Kesselhaus2-1024x768.jpg 1024w, https:\/\/www.fdp-sandhausen.de\/wordpress\/wp-content\/uploads\/Kesselhaus2-300x225.jpg 300w, https:\/\/www.fdp-sandhausen.de\/wordpress\/wp-content\/uploads\/Kesselhaus2-768x576.jpg 768w, https:\/\/www.fdp-sandhausen.de\/wordpress\/wp-content\/uploads\/Kesselhaus2.jpg 1334w\" sizes=\"(max-width: 1024px) 100vw, 1024px\" \/><\/a><figcaption>von links: Unser Mann f\u00fcr Europa &#8211; Andreas Gl\u00fcck, Vorsitzender der Bundestagsfraktion &#8211; Christian D\u00fcrr, Stadtrat KA &#8211; Thomas Hock, Landesvorsitzender &#8211; Michael Theurer, Stellvertretende Kreisvorsitzende Karlsruhe-Land&nbsp;&#8211; Alena Fink-Trauschel, Stellv. Landesvorsitzender &#8211; Dr. Hans-Ulrich R\u00fclke<\/figcaption><\/figure>\n\n\n\n<p><\/p>\n\n\n\n<figure class=\"wp-block-image size-full is-resized\"><a href=\"https:\/\/www.fdp-sandhausen.de\/wordpress\/wp-content\/uploads\/2024_RSeeger.jpg\"><img loading=\"lazy\" src=\"https:\/\/www.fdp-sandhausen.de\/wordpress\/wp-content\/uploads\/2024_RSeeger.jpg\" alt=\"\" class=\"wp-image-12536\" width=\"104\" height=\"111\"\/><\/a><\/figure>\n\n\n\n<p>F\u00fcr den FDP Ortsverband Sandhausen<\/p>\n\n\n\n<p>Roland Seeger<\/p>\n\n\n\n<figure class=\"wp-block-image size-large\"><a href=\"https:\/\/www.fdp-sandhausen.de\/wordpress\/wp-content\/uploads\/image-10.png\"><img loading=\"lazy\" width=\"1024\" height=\"170\" src=\"https:\/\/www.fdp-sandhausen.de\/wordpress\/wp-content\/uploads\/image-10-1024x170.png\" alt=\"\" class=\"wp-image-12550\" srcset=\"https:\/\/www.fdp-sandhausen.de\/wordpress\/wp-content\/uploads\/image-10-1024x170.png 1024w, https:\/\/www.fdp-sandhausen.de\/wordpress\/wp-content\/uploads\/image-10-300x50.png 300w, https:\/\/www.fdp-sandhausen.de\/wordpress\/wp-content\/uploads\/image-10-768x128.png 768w, https:\/\/www.fdp-sandhausen.de\/wordpress\/wp-content\/uploads\/image-10-1536x256.png 1536w, https:\/\/www.fdp-sandhausen.de\/wordpress\/wp-content\/uploads\/image-10-2048x341.png 2048w\" sizes=\"(max-width: 1024px) 100vw, 1024px\" \/><\/a><\/figure>\n","protected":false},"excerpt":{"rendered":"<p>Man sollte nie ein Schreiben mit einem pers\u00f6nlichen F\u00fcrwort beginnen, aber diesmal muss ich eine Ausnahme machen. \u201eIch war begeistert!\u201c &#8211; begeistert von der Veranstaltung des &#8222;Politischen Aschermittwoch&#8220; der FDP im Kesselhaus in Karlsruhe. Diese Begeisterung galt auch f\u00fcr die &hellip; <a href=\"https:\/\/www.fdp-sandhausen.de\/wordpress\/?p=12533\">Weiterlesen <span class=\"meta-nav\">&rarr;<\/span><\/a><\/p>\n","protected":false},"author":1,"featured_media":12535,"comment_status":"closed","ping_status":"open","sticky":false,"template":"","format":"standard","meta":[],"categories":[1],"tags":[],"_links":{"self":[{"href":"https:\/\/www.fdp-sandhausen.de\/wordpress\/index.php?rest_route=\/wp\/v2\/posts\/12533"}],"collection":[{"href":"https:\/\/www.fdp-sandhausen.de\/wordpress\/index.php?rest_route=\/wp\/v2\/posts"}],"about":[{"href":"https:\/\/www.fdp-sandhausen.de\/wordpress\/index.php?rest_route=\/wp\/v2\/types\/post"}],"author":[{"embeddable":true,"href":"https:\/\/www.fdp-sandhausen.de\/wordpress\/index.php?rest_route=\/wp\/v2\/users\/1"}],"replies":[{"embeddable":true,"href":"https:\/\/www.fdp-sandhausen.de\/wordpress\/index.php?rest_route=%2Fwp%2Fv2%2Fcomments&post=12533"}],"version-history":[{"count":3,"href":"https:\/\/www.fdp-sandhausen.de\/wordpress\/index.php?rest_route=\/wp\/v2\/posts\/12533\/revisions"}],"predecessor-version":[{"id":12551,"href":"https:\/\/www.fdp-sandhausen.de\/wordpress\/index.php?rest_route=\/wp\/v2\/posts\/12533\/revisions\/12551"}],"wp:featuredmedia":[{"embeddable":true,"href":"https:\/\/www.fdp-sandhausen.de\/wordpress\/index.php?rest_route=\/wp\/v2\/media\/12535"}],"wp:attachment":[{"href":"https:\/\/www.fdp-sandhausen.de\/wordpress\/index.php?rest_route=%2Fwp%2Fv2%2Fmedia&parent=12533"}],"wp:term":[{"taxonomy":"category","embeddable":true,"href":"https:\/\/www.fdp-sandhausen.de\/wordpress\/index.php?rest_route=%2Fwp%2Fv2%2Fcategories&post=12533"},{"taxonomy":"post_tag","embeddable":true,"href":"https:\/\/www.fdp-sandhausen.de\/wordpress\/index.php?rest_route=%2Fwp%2Fv2%2Ftags&post=12533"}],"curies":[{"name":"wp","href":"https:\/\/api.w.org\/{rel}","templated":true}]}}