{"id":12661,"date":"2024-07-09T18:50:45","date_gmt":"2024-07-09T16:50:45","guid":{"rendered":"https:\/\/www.fdp-sandhausen.de\/wordpress\/?p=12661"},"modified":"2024-09-12T14:50:20","modified_gmt":"2024-09-12T12:50:20","slug":"bluehwiesen","status":"publish","type":"post","link":"https:\/\/www.fdp-sandhausen.de\/wordpress\/?p=12661","title":{"rendered":"Bl\u00fchwiesen"},"content":{"rendered":"\n<p>Liebe B\u00fcrgerinnen und B\u00fcrger, liebe Freundinnen und Freunde der FDP-Sandhausen<\/p>\n\n\n\n<p>Bei der letzten Gemeinderatssitzung vom 26.06.2024 wurde der Beschluss gefasst, das F\u00f6rderprogramm \u201eBl\u00fchfl\u00e4che f\u00fcr Sandhausen\u201c bis zum Jahre 2029 zu verl\u00e4ngern. Die F\u00f6rdersumme von 20.000 \u20ac j\u00e4hrlich werden den Haushalten in den Jahren 2025-2029 bereitgestellt.<\/p>\n\n\n\n<p>Die Verg\u00fctung unserer Gemeinde liegt bei 1400 \u20ac \/ ha im Jahr. Mehr als die vom Bund und Land bereit gestellte Verg\u00fctung je nach Art der Biodiversit\u00e4t, die zwischen 40\u20ac und 900\u20ac liegen.<\/p>\n\n\n\n<p>Die Fraktion der FDP-Sandhausen stimmte diesem Beschluss geschlossen zu.<\/p>\n\n\n\n<p>Das F\u00f6rderprogramm \u201eBl\u00fchstreifen und Bl\u00fchwiese f\u00fcr Sandhausen\u201c wurde im Jahre 2019 beschlossen. Damit sollte dem Artensterben, insbesondere unter den Insekten und V\u00f6geln entgegengewirkt werden.&nbsp;<\/p>\n\n\n\n<p>In Folge der Zeit konnte man vier Landwirte f\u00fcr dieses Projekt gewinnen, die das F\u00f6rderprogramm mit den Richtlinien der Verwaltung (Umwelt und Gr\u00fcnfl\u00e4chenmanagement) sowie mit dem Amt f\u00fcr Landwirtschaft und dem Landschaftserhaltungsverband erarbeitet wurde.<\/p>\n\n\n\n<p>\u00dcber 12 Hektar bunt bl\u00fchende Wiesen und Streifen in ihrer Artenreiche (Saatgutmischung) wurden angelegt.<\/p>\n\n\n\n<figure class=\"wp-block-image size-large\"><a href=\"https:\/\/www.fdp-sandhausen.de\/wordpress\/wp-content\/uploads\/Bluehwiese-scaled.jpg\"><img loading=\"lazy\" width=\"768\" height=\"1024\" src=\"https:\/\/www.fdp-sandhausen.de\/wordpress\/wp-content\/uploads\/Bluehwiese-768x1024.jpg\" alt=\"\" class=\"wp-image-12662\" srcset=\"https:\/\/www.fdp-sandhausen.de\/wordpress\/wp-content\/uploads\/Bluehwiese-768x1024.jpg 768w, https:\/\/www.fdp-sandhausen.de\/wordpress\/wp-content\/uploads\/Bluehwiese-225x300.jpg 225w, https:\/\/www.fdp-sandhausen.de\/wordpress\/wp-content\/uploads\/Bluehwiese-1152x1536.jpg 1152w, https:\/\/www.fdp-sandhausen.de\/wordpress\/wp-content\/uploads\/Bluehwiese-1536x2048.jpg 1536w, https:\/\/www.fdp-sandhausen.de\/wordpress\/wp-content\/uploads\/Bluehwiese-scaled.jpg 1920w\" sizes=\"(max-width: 768px) 100vw, 768px\" \/><\/a><figcaption>Bild: Gemeinderat Volker Liebetrau<\/figcaption><\/figure>\n\n\n\n<p>Gemeinderat Liebetrau konnte sich gemeinsam mit unserer Umwelt- und Gr\u00fcnfl\u00e4chenmanagerin Frau W\u00f6lflick einen \u00dcberblick verschaffen, in dem sie gemeinsam eine Besichtigung und Begehung der angelegten Bl\u00fchwiesen hier auf unserer Gemarkung und deren Flurst\u00fccke durchf\u00fchrten. An dieser Stelle&nbsp;ein herzliches Dankesch\u00f6n an Frau W\u00f6lflick f\u00fcr die fachlich fundierten und sachgebundenen Ausk\u00fcnfte und Informationen zu unserer&nbsp;Agrarlandschaft &nbsp;Landwirtschaftsfl\u00e4che &#8211; Bl\u00fchfl\u00e4chen.<\/p>\n\n\n\n<p>Fazit: Bl\u00fchwiesen und Bl\u00fchfl\u00e4chen sind eine&nbsp; Erfolg f\u00fcr unsere Umwelt. Sie bieten Lebensraum und Nahrungsquelle f\u00fcr gef\u00e4hrdete Tierarten insbesondere Insekten und V\u00f6gel. Sie bieten Schutz f\u00fcr neugeborene Wildtiere wie Rehkitze und sie dienen und helfen auch bei der Klimaregulierung. Sie versch\u00f6nern unser&nbsp;Landschaftsbild insbesondere \u00fcber ihre Bl\u00fctezeit. Sie dienen auch der Gemeinschaft zur Erholung von uns B\u00fcrgerinnen und B\u00fcrger von Sandhausen mit der Faszination von Farben und D\u00fcften.<\/p>\n\n\n\n<p>Eine chinesische Weisheit lautet: &nbsp;\u201eDas Leben ist verg\u00e4nglich wie die Bl\u00fcte der Pflanze. Wir sollten die Sch\u00f6nheit der Natur in jedem Moment w\u00fcrdigen und uns in Harmonie mit ihr bewegen.\u201c<\/p>\n\n\n\n<p>Der Ortsverband sowie die Fraktion der FDP Sandhausen bedankt sie bei allen Landwirten, die sich am F\u00f6rderprogramm Bl\u00fchstreifen und Bl\u00fchwiesen f\u00fcr Sandhausen beteiligt haben, und denen, die sich noch anschlie\u00dfen wollen.<\/p>\n\n\n\n<p>F\u00fcr die FDP-Fraktion&nbsp;<\/p>\n\n\n\n<p>Gemeinderat Volker Liebetrau<\/p>\n","protected":false},"excerpt":{"rendered":"<p>Liebe B\u00fcrgerinnen und B\u00fcrger, liebe Freundinnen und Freunde der FDP-Sandhausen Bei der letzten Gemeinderatssitzung vom 26.06.2024 wurde der Beschluss gefasst, das F\u00f6rderprogramm \u201eBl\u00fchfl\u00e4che f\u00fcr Sandhausen\u201c bis zum Jahre 2029 zu verl\u00e4ngern. Die F\u00f6rdersumme von 20.000 \u20ac j\u00e4hrlich werden den Haushalten &hellip; <a href=\"https:\/\/www.fdp-sandhausen.de\/wordpress\/?p=12661\">Weiterlesen <span class=\"meta-nav\">&rarr;<\/span><\/a><\/p>\n","protected":false},"author":1,"featured_media":12662,"comment_status":"closed","ping_status":"open","sticky":false,"template":"","format":"standard","meta":[],"categories":[1],"tags":[],"_links":{"self":[{"href":"https:\/\/www.fdp-sandhausen.de\/wordpress\/index.php?rest_route=\/wp\/v2\/posts\/12661"}],"collection":[{"href":"https:\/\/www.fdp-sandhausen.de\/wordpress\/index.php?rest_route=\/wp\/v2\/posts"}],"about":[{"href":"https:\/\/www.fdp-sandhausen.de\/wordpress\/index.php?rest_route=\/wp\/v2\/types\/post"}],"author":[{"embeddable":true,"href":"https:\/\/www.fdp-sandhausen.de\/wordpress\/index.php?rest_route=\/wp\/v2\/users\/1"}],"replies":[{"embeddable":true,"href":"https:\/\/www.fdp-sandhausen.de\/wordpress\/index.php?rest_route=%2Fwp%2Fv2%2Fcomments&post=12661"}],"version-history":[{"count":3,"href":"https:\/\/www.fdp-sandhausen.de\/wordpress\/index.php?rest_route=\/wp\/v2\/posts\/12661\/revisions"}],"predecessor-version":[{"id":12688,"href":"https:\/\/www.fdp-sandhausen.de\/wordpress\/index.php?rest_route=\/wp\/v2\/posts\/12661\/revisions\/12688"}],"wp:featuredmedia":[{"embeddable":true,"href":"https:\/\/www.fdp-sandhausen.de\/wordpress\/index.php?rest_route=\/wp\/v2\/media\/12662"}],"wp:attachment":[{"href":"https:\/\/www.fdp-sandhausen.de\/wordpress\/index.php?rest_route=%2Fwp%2Fv2%2Fmedia&parent=12661"}],"wp:term":[{"taxonomy":"category","embeddable":true,"href":"https:\/\/www.fdp-sandhausen.de\/wordpress\/index.php?rest_route=%2Fwp%2Fv2%2Fcategories&post=12661"},{"taxonomy":"post_tag","embeddable":true,"href":"https:\/\/www.fdp-sandhausen.de\/wordpress\/index.php?rest_route=%2Fwp%2Fv2%2Ftags&post=12661"}],"curies":[{"name":"wp","href":"https:\/\/api.w.org\/{rel}","templated":true}]}}