{"id":12749,"date":"2024-12-01T16:16:31","date_gmt":"2024-12-01T15:16:31","guid":{"rendered":"https:\/\/www.fdp-sandhausen.de\/wordpress\/?p=12749"},"modified":"2024-12-01T16:18:55","modified_gmt":"2024-12-01T15:18:55","slug":"landesvertreterversammlung-zur-bundestagswahl","status":"publish","type":"post","link":"https:\/\/www.fdp-sandhausen.de\/wordpress\/?p=12749","title":{"rendered":"Landesvertreterversammlung zur Bundestagswahl\u00a0"},"content":{"rendered":"\n<p>Die FDP Baden-W\u00fcrttemberg trat am Samstag, den 23.11.2024 in Karlsruhe zu Ihrer Landesvertreterversammlung zwecks Aufstellung der Landesliste zur 21. Wahl zum Deutschen Bundestag zusammen.<\/p>\n\n\n\n<p>Von den insgesamt 21 Delegierten des FDP-Kreisverbands Rhein-Neckar war der FDP-Ortsverband Sandhausen mit 3 Delegierten gut vertreten.&nbsp;<\/p>\n\n\n\n<p>Hans-Ulrich R\u00fclke, MdL und Stellvertretender Landesvorsitzender er\u00f6ffnete stimmungsvoll die Landesvertreterversammlung der FDP Baden-W\u00fcrttemberg. In seiner Rede thematisierte R\u00fclke die aktuelle politische Situation in Deutschland, insbesondere zum Bruch der Ampelkoalition. <\/p>\n\n\n\n<p>R\u00fclke forderte eine z\u00fcgige Kl\u00e4rung der politischen Verh\u00e4ltnisse und betonte die Notwendigkeit von Neuwahlen, um eine handlungsf\u00e4hige Regierung zu gew\u00e4hrleisten. \u201eDie FDP m\u00fcsse sich mehr denn je als starke Stimme f\u00fcr wirtschaftliche Freiheit und individuelle Rechte positionieren\u201c und \u201eAngesichts der dramatischen wirtschaftlichen Situation brauchen wir jetzt eine Wirtschaftswende\u201c, betonte R\u00fclke.<\/p>\n\n\n\n<p>Mit Judith Skudelny wurde die Spitzenkandidatin der FDP Baden-W\u00fcrttemberg erfolgreich auf Platz 1 gew\u00e4hlt. In ihrer Bewerbungsrede sprach sie sich gegen hohe Energiepreise aus, f\u00fcr mehr Arbeitsanreize f\u00fcr B\u00fcrgergeldbezieherinnen und -bezieher und weniger B\u00fcrokratie. Sie wolle die Wirtschaft in Baden-W\u00fcrttemberg wieder voranbringen.<\/p>\n\n\n\n<figure class=\"wp-block-image size-large\"><a href=\"https:\/\/www.fdp-sandhausen.de\/wordpress\/wp-content\/uploads\/LV_Versammlung.jpg\"><img loading=\"lazy\" width=\"1024\" height=\"768\" src=\"https:\/\/www.fdp-sandhausen.de\/wordpress\/wp-content\/uploads\/LV_Versammlung-1024x768.jpg\" alt=\"\" class=\"wp-image-12750\" srcset=\"https:\/\/www.fdp-sandhausen.de\/wordpress\/wp-content\/uploads\/LV_Versammlung-1024x768.jpg 1024w, https:\/\/www.fdp-sandhausen.de\/wordpress\/wp-content\/uploads\/LV_Versammlung-300x225.jpg 300w, https:\/\/www.fdp-sandhausen.de\/wordpress\/wp-content\/uploads\/LV_Versammlung-768x576.jpg 768w, https:\/\/www.fdp-sandhausen.de\/wordpress\/wp-content\/uploads\/LV_Versammlung-1536x1152.jpg 1536w, https:\/\/www.fdp-sandhausen.de\/wordpress\/wp-content\/uploads\/LV_Versammlung.jpg 1887w\" sizes=\"(max-width: 1024px) 100vw, 1024px\" \/><\/a><figcaption>Photo : privat. v.l. Sandh\u00e4user Delegierte: Michael Engelen, Roland Seeger, Dr. Jens Brandenburg MDB und Dr. Michael Kunzmann<\/figcaption><\/figure>\n\n\n\n<p>Erfreulich, dass auf Platz 6 der Liste Dr. Jens Brandenburg, unser Bundestagsabgeordneter des Rhein-Neckar-Kreises eine gute Ausgangsposition zur Wiederwahl besitzt.<\/p>\n\n\n\n<p>Mit Platz 11 auf der Liste wurde mit Konrad Stockmeier aus Mannheim ein weiterer Vertreter unserer Region des FDP Bezirksverband Kurpfalz nominiert.<\/p>\n\n\n\n<p>F\u00fcr den FDP Ortsverband Sandhausen<\/p>\n\n\n\n<p>Roland Seeger &#8211; Vorsitzender<\/p>\n","protected":false},"excerpt":{"rendered":"<p>Die FDP Baden-W\u00fcrttemberg trat am Samstag, den 23.11.2024 in Karlsruhe zu Ihrer Landesvertreterversammlung zwecks Aufstellung der Landesliste zur 21. Wahl zum Deutschen Bundestag zusammen. Von den insgesamt 21 Delegierten des FDP-Kreisverbands Rhein-Neckar war der FDP-Ortsverband Sandhausen mit 3 Delegierten gut &hellip; <a href=\"https:\/\/www.fdp-sandhausen.de\/wordpress\/?p=12749\">Weiterlesen <span class=\"meta-nav\">&rarr;<\/span><\/a><\/p>\n","protected":false},"author":1,"featured_media":12750,"comment_status":"closed","ping_status":"open","sticky":false,"template":"","format":"standard","meta":[],"categories":[1],"tags":[],"_links":{"self":[{"href":"https:\/\/www.fdp-sandhausen.de\/wordpress\/index.php?rest_route=\/wp\/v2\/posts\/12749"}],"collection":[{"href":"https:\/\/www.fdp-sandhausen.de\/wordpress\/index.php?rest_route=\/wp\/v2\/posts"}],"about":[{"href":"https:\/\/www.fdp-sandhausen.de\/wordpress\/index.php?rest_route=\/wp\/v2\/types\/post"}],"author":[{"embeddable":true,"href":"https:\/\/www.fdp-sandhausen.de\/wordpress\/index.php?rest_route=\/wp\/v2\/users\/1"}],"replies":[{"embeddable":true,"href":"https:\/\/www.fdp-sandhausen.de\/wordpress\/index.php?rest_route=%2Fwp%2Fv2%2Fcomments&post=12749"}],"version-history":[{"count":2,"href":"https:\/\/www.fdp-sandhausen.de\/wordpress\/index.php?rest_route=\/wp\/v2\/posts\/12749\/revisions"}],"predecessor-version":[{"id":12752,"href":"https:\/\/www.fdp-sandhausen.de\/wordpress\/index.php?rest_route=\/wp\/v2\/posts\/12749\/revisions\/12752"}],"wp:featuredmedia":[{"embeddable":true,"href":"https:\/\/www.fdp-sandhausen.de\/wordpress\/index.php?rest_route=\/wp\/v2\/media\/12750"}],"wp:attachment":[{"href":"https:\/\/www.fdp-sandhausen.de\/wordpress\/index.php?rest_route=%2Fwp%2Fv2%2Fmedia&parent=12749"}],"wp:term":[{"taxonomy":"category","embeddable":true,"href":"https:\/\/www.fdp-sandhausen.de\/wordpress\/index.php?rest_route=%2Fwp%2Fv2%2Fcategories&post=12749"},{"taxonomy":"post_tag","embeddable":true,"href":"https:\/\/www.fdp-sandhausen.de\/wordpress\/index.php?rest_route=%2Fwp%2Fv2%2Ftags&post=12749"}],"curies":[{"name":"wp","href":"https:\/\/api.w.org\/{rel}","templated":true}]}}