{"id":12931,"date":"2025-09-29T15:03:45","date_gmt":"2025-09-29T13:03:45","guid":{"rendered":"https:\/\/www.fdp-sandhausen.de\/wordpress\/?p=12931"},"modified":"2025-11-18T14:14:54","modified_gmt":"2025-11-18T13:14:54","slug":"trimm-dich-pfad-damals-und-heute","status":"publish","type":"post","link":"https:\/\/www.fdp-sandhausen.de\/wordpress\/?p=12931","title":{"rendered":"Trimm-Dich-Pfad \u2013 damals und heute"},"content":{"rendered":"\n<figure class=\"wp-block-image size-large is-resized\"><a href=\"https:\/\/www.fdp-sandhausen.de\/wordpress\/wp-content\/uploads\/2024_VLiebetrau4-scaled.jpg\"><img loading=\"lazy\" src=\"https:\/\/www.fdp-sandhausen.de\/wordpress\/wp-content\/uploads\/2024_VLiebetrau4-774x1024.jpg\" alt=\"\" class=\"wp-image-12786\" width=\"182\" height=\"241\" srcset=\"https:\/\/www.fdp-sandhausen.de\/wordpress\/wp-content\/uploads\/2024_VLiebetrau4-774x1024.jpg 774w, https:\/\/www.fdp-sandhausen.de\/wordpress\/wp-content\/uploads\/2024_VLiebetrau4-227x300.jpg 227w, https:\/\/www.fdp-sandhausen.de\/wordpress\/wp-content\/uploads\/2024_VLiebetrau4-768x1017.jpg 768w, https:\/\/www.fdp-sandhausen.de\/wordpress\/wp-content\/uploads\/2024_VLiebetrau4-1160x1536.jpg 1160w, https:\/\/www.fdp-sandhausen.de\/wordpress\/wp-content\/uploads\/2024_VLiebetrau4-1547x2048.jpg 1547w, https:\/\/www.fdp-sandhausen.de\/wordpress\/wp-content\/uploads\/2024_VLiebetrau4-scaled.jpg 1934w\" sizes=\"(max-width: 182px) 100vw, 182px\" \/><\/a><figcaption>Foto: Volker Liebetrau<\/figcaption><\/figure>\n\n\n\n<p>Unser Trimm-Dich-Pfad soll im kommenden Jahr umfassend modernisiert und erneuert werden. Viele erinnern sich noch gut an die urspr\u00fcngliche Idee: Bewegung an der frischen Luft, eingebettet in die Natur \u2013 das war der Grundgedanke der Trimm-Dich-Bewegung, die in den 1970er Jahren entstand.<\/p>\n\n\n\n<p>Wie vielerorts geriet diese Bewegung im Laufe der Jahrzehnte in Vergessenheit. Neue Trendsportarten und ver\u00e4nderte Freizeitgewohnheiten f\u00fchrten dazu, dass viele Trimm-Dich-Pfade \u2013 auch in unseren Nachbargemeinden \u2013 nicht mehr genutzt, zur\u00fcckgebaut oder dem nat\u00fcrlichen Verfall \u00fcberlassen wurden.<br>Auch unser Pfad ist davon betroffen: Viele Stationen mussten aufgrund erheblicher M\u00e4ngel entfernt werden, die verbliebenen sind stark in die Jahre gekommen und kaum noch nutzbar.<\/p>\n\n\n\n<figure class=\"wp-block-image size-large\"><a href=\"https:\/\/www.fdp-sandhausen.de\/wordpress\/wp-content\/uploads\/2510_Trimmdich.jpg\"><img loading=\"lazy\" width=\"1024\" height=\"768\" src=\"https:\/\/www.fdp-sandhausen.de\/wordpress\/wp-content\/uploads\/2510_Trimmdich-1024x768.jpg\" alt=\"\" class=\"wp-image-12936\" srcset=\"https:\/\/www.fdp-sandhausen.de\/wordpress\/wp-content\/uploads\/2510_Trimmdich-1024x768.jpg 1024w, https:\/\/www.fdp-sandhausen.de\/wordpress\/wp-content\/uploads\/2510_Trimmdich-300x225.jpg 300w, https:\/\/www.fdp-sandhausen.de\/wordpress\/wp-content\/uploads\/2510_Trimmdich-768x576.jpg 768w, https:\/\/www.fdp-sandhausen.de\/wordpress\/wp-content\/uploads\/2510_Trimmdich-1536x1152.jpg 1536w, https:\/\/www.fdp-sandhausen.de\/wordpress\/wp-content\/uploads\/2510_Trimmdich.jpg 1920w\" sizes=\"(max-width: 1024px) 100vw, 1024px\" \/><\/a><figcaption>Foto: Trimm-Dich-Pfad<\/figcaption><\/figure>\n\n\n\n<p>Das soll sich nun \u00e4ndern.<\/p>\n\n\n\n<p>Die Gemeinde stellt f\u00fcr die Erneuerung des Trimm-Dich-Pfads im kommenden Haushaltsjahr 70.000\u202f\u20ac bereit. Die Planung und Ausarbeitung eines modernen, zeitgem\u00e4\u00dfen Konzepts erfolgt in Kooperation mit der Laufgruppe der Turngemeinde 1889 Sandhausen e.\u202fV. und dem Jugendgemeinderat \u2013 ein echter Mehrgenerationen-Ansatz.<\/p>\n\n\n\n<p>Wir von der FDP-Fraktion begr\u00fc\u00dfen diese Entscheidung ausdr\u00fccklich. Hier treffen modernes Joggen und sportliche Erfahrung auf die Kreativit\u00e4t und den Trendblick der jungen Generation. Eine Kombination, die viel Potenzial f\u00fcr ein attraktives, vielseitiges Bewegungsangebot bietet.<\/p>\n\n\n\n<p>Unsere Fraktion stimmt der entsprechenden Beschlussvorlage geschlossen zu.<\/p>\n\n\n\n<p><br>F\u00fcr die FDP-Fraktion<br>Gemeinderat Volker Liebetrau<\/p>\n","protected":false},"excerpt":{"rendered":"<p>Unser Trimm-Dich-Pfad soll im kommenden Jahr umfassend modernisiert und erneuert werden. Viele erinnern sich noch gut an die urspr\u00fcngliche Idee: Bewegung an der frischen Luft, eingebettet in die Natur \u2013 das war der Grundgedanke der Trimm-Dich-Bewegung, die in den 1970er &hellip; <a href=\"https:\/\/www.fdp-sandhausen.de\/wordpress\/?p=12931\">Weiterlesen <span class=\"meta-nav\">&rarr;<\/span><\/a><\/p>\n","protected":false},"author":1,"featured_media":0,"comment_status":"closed","ping_status":"open","sticky":false,"template":"","format":"standard","meta":[],"categories":[1],"tags":[],"_links":{"self":[{"href":"https:\/\/www.fdp-sandhausen.de\/wordpress\/index.php?rest_route=\/wp\/v2\/posts\/12931"}],"collection":[{"href":"https:\/\/www.fdp-sandhausen.de\/wordpress\/index.php?rest_route=\/wp\/v2\/posts"}],"about":[{"href":"https:\/\/www.fdp-sandhausen.de\/wordpress\/index.php?rest_route=\/wp\/v2\/types\/post"}],"author":[{"embeddable":true,"href":"https:\/\/www.fdp-sandhausen.de\/wordpress\/index.php?rest_route=\/wp\/v2\/users\/1"}],"replies":[{"embeddable":true,"href":"https:\/\/www.fdp-sandhausen.de\/wordpress\/index.php?rest_route=%2Fwp%2Fv2%2Fcomments&post=12931"}],"version-history":[{"count":6,"href":"https:\/\/www.fdp-sandhausen.de\/wordpress\/index.php?rest_route=\/wp\/v2\/posts\/12931\/revisions"}],"predecessor-version":[{"id":12964,"href":"https:\/\/www.fdp-sandhausen.de\/wordpress\/index.php?rest_route=\/wp\/v2\/posts\/12931\/revisions\/12964"}],"wp:attachment":[{"href":"https:\/\/www.fdp-sandhausen.de\/wordpress\/index.php?rest_route=%2Fwp%2Fv2%2Fmedia&parent=12931"}],"wp:term":[{"taxonomy":"category","embeddable":true,"href":"https:\/\/www.fdp-sandhausen.de\/wordpress\/index.php?rest_route=%2Fwp%2Fv2%2Fcategories&post=12931"},{"taxonomy":"post_tag","embeddable":true,"href":"https:\/\/www.fdp-sandhausen.de\/wordpress\/index.php?rest_route=%2Fwp%2Fv2%2Ftags&post=12931"}],"curies":[{"name":"wp","href":"https:\/\/api.w.org\/{rel}","templated":true}]}}